{"id":6516,"date":"2022-02-11T19:13:14","date_gmt":"2022-02-11T22:13:14","guid":{"rendered":"https:\/\/ortopediadaniachi.com.br\/blog\/?p=6516"},"modified":"2024-10-08T10:20:35","modified_gmt":"2024-10-08T13:20:35","slug":"fratura-no-quadril-o-que-fazer","status":"publish","type":"post","link":"https:\/\/ortopediadaniachi.com.br\/blog\/fratura-no-quadril-o-que-fazer\/","title":{"rendered":"\u00a0Fratura no quadril: o que fazer?"},"content":{"rendered":"\n<p><a href=\"https:\/\/sbot.org.br\/cirurgia-no-quadril\/\" target=\"_blank\" rel=\"noreferrer noopener\">O quadril<\/a> \u00e9 uma articula\u00e7\u00e3o constitu\u00edda pela jun\u00e7\u00e3o entre o f\u00eamur e o acet\u00e1bulo, uma regi\u00e3o da bacia que se articula com a cabe\u00e7a do f\u00eamur.<\/p>\n\n\n\n<p>As fraturas podem se dar em diversas partes: na cabe\u00e7a do f\u00eamur, na regi\u00e3o mais estreita chamada de colo que fica logo abaixo da cabe\u00e7a e, ainda, nas regi\u00f5es mais amplas abaixo do colo.<\/p>\n\n\n\n<p>Qualquer fratura demanda aten\u00e7\u00e3o, cuidado e, principalmente, acompanhamento de profissional qualificado.<\/p>\n\n\n\n<p>Acompanhe este texto para saber o que fazer em caso de fratura do quadril.<\/p>\n\n\n\n<h2 class=\"wp-block-heading\" id=\"o-que-precisamos-saber-sobre-as-fraturas-nesta-regiao\">O que precisamos saber sobre as fraturas nesta regi\u00e3o?<\/h2>\n\n\n\n<p>Primeiramente, elas s\u00e3o muito dolorosas e produzem dor na virilha.<\/p>\n\n\n\n<p>Pode ocorrer separa\u00e7\u00e3o dos fragmentos \u00f3sseos fraturados.<\/p>\n\n\n\n<p>Quando h\u00e1 essa fragmenta\u00e7\u00e3o, as pessoas n\u00e3o s\u00e3o capazes de andar, ficar em p\u00e9 ou movimentar a perna.<\/p>\n\n\n\n<p>Geralmente, quando o indiv\u00edduo se deita, a perna afetada pode estar mais encurtada ou girar para fora.<\/p>\n\n\n\n<p>Caso a fratura seja m\u00ednima, os indiv\u00edduos s\u00e3o, \u00e0s vezes, capazes de caminhar, apresentando apenas dor.<\/p>\n\n\n\n<p>Em alguns casos pode ocorrer o que se chama de dor referida, isto \u00e9, a dor parece vir de uma outra regi\u00e3o. No caso do quadril, a dor pode parecer vir do joelho.<\/p>\n\n\n\n<p>Pessoas idosas s\u00e3o mais propensas a fraturas no quadril decorrentes de quedas, especialmente nas situa\u00e7\u00f5es em que existe diagn\u00f3stico de osteoporose.<\/p>\n\n\n\n<h2 class=\"wp-block-heading\" id=\"como-e-feito-o-diagnostico\">Como \u00e9 feito o diagn\u00f3stico?<\/h2>\n\n\n\n<p>O diagn\u00f3stico \u00e9 feito, especialmente, por radiografias.<\/p>\n\n\n\n<p>Em alguns casos os recursos de resson\u00e2ncia magn\u00e9tica e\/ou tomografia computadorizada tamb\u00e9m s\u00e3o utilizados para a realiza\u00e7\u00e3o do diagn\u00f3stico.<\/p>\n\n\n\n<p>Os m\u00e9dicos utilizam exame cl\u00ednico para chegar \u00e0 possibilidade de diagn\u00f3stico de fratura.<\/p>\n\n\n\n<p>Essa primeira etapa \u00e9 baseada na descri\u00e7\u00e3o do paciente sobre os sintomas.<\/p>\n\n\n\n<h2 class=\"wp-block-heading\" id=\"o-que-fazer-em-caso-de-fratura\">O que fazer em caso de fratura?<\/h2>\n\n\n\n<p>Inicialmente, \u00e9 preciso buscar ajuda m\u00e9dica.<\/p>\n\n\n\n<p>O diagn\u00f3stico ser\u00e1 feito levando em considera\u00e7\u00e3o o que j\u00e1 foi explicitado anteriormente.<\/p>\n\n\n\n<p>O tratamento, normalmente, \u00e9 realizado mediante cirurgia.<\/p>\n\n\n\n<p>A cirurgia possibilita que os indiv\u00edduos retornem \u00e0s suas rotinas o mais r\u00e1pido poss\u00edvel.<\/p>\n\n\n\n<p>Dois procedimentos principais s\u00e3o realizados: fixa\u00e7\u00e3o da regi\u00e3o com haste e\/ou placa e parafusos.<\/p>\n\n\n\n<p>Outra possibilidade \u00e9 a substitui\u00e7\u00e3o da regi\u00e3o fraturada por uma pr\u00f3tese.<\/p>\n\n\n\n<p>As op\u00e7\u00f5es de procedimento e curso do tratamento dependem de diversos fatores: idade do paciente; tipo de fratura.<\/p>\n\n\n\n<p>Ap\u00f3s a cirurgia, a pr\u00f3xima etapa do tratamento \u00e9 a fisioterapia.<\/p>\n\n\n\n<p>No primeiro momento o paciente ainda estar\u00e1 acamado e a reabilita\u00e7\u00e3o ser\u00e1 por exerc\u00edcios que previnam trombose, auxiliando na capacidade respirat\u00f3ria e dando recursos ao paciente para que reaprenda a utilizar o quadril.<\/p>\n\n\n\n<h2 class=\"wp-block-heading\" id=\"quais-os-problemas-que-podem-ocorrer-durante-o-curso-do-tratamento\">Quais os problemas que podem ocorrer durante o curso do tratamento?<\/h2>\n\n\n\n<p>Embora o paciente seja monitorado para que tais problemas n\u00e3o ocorram ou evoluam, os seguintes casos s\u00e3o poss\u00edvel em algumas ocasi\u00f5es:<\/p>\n\n\n\n<ul class=\"wp-block-list\">\n<li>Atrofia, ou seja, redu\u00e7\u00e3o do volume muscular;<\/li>\n\n\n\n<li>Consequente redu\u00e7\u00e3o da forma f\u00edsica;<\/li>\n\n\n\n<li>Trombose venosa, ou seja, aparecimento de co\u00e1gulos sangu\u00edneos que podem obstruir as veias presentes na perna;<\/li>\n\n\n\n<li>Embolia pulmonar: quando os co\u00e1gulos viajam das veias presentes na perna e chegam at\u00e9 o pulm\u00e3o;<\/li>\n\n\n\n<li>\u00dalceras de dec\u00fabito: em raz\u00e3o de permanecer deitado por muito tempo na mesma posi\u00e7\u00e3o;<\/li>\n\n\n\n<li>Redu\u00e7\u00e3o da capacidade cardiorespirat\u00f3ria.<\/li>\n<\/ul>\n\n\n\n<p>Procure ajuda m\u00e9dica. Todo processo de tratamento deve ser acompanhado por profissional capacitado.<\/p>\n\n\n\n<h2 class=\"wp-block-heading\" id=\"ortopedia-daniachi\">Ortopedia Daniachi&nbsp;<\/h2>\n\n\n\n<p>Para mais textos como este, acesse nosso <a href=\"https:\/\/ortopediadaniachi.com.br\/blog\/\" data-type=\"link\" data-id=\"https:\/\/ortopediadaniachi.com.br\/blog\/\">blog<\/a>!<\/p>\n\n\n\n<p>Gostaria de conhecer mais a nossa cl\u00ednica? Clique <a href=\"https:\/\/ortopediadaniachi.com.br\/a-clinica\" data-type=\"link\" data-id=\"https:\/\/ortopediadaniachi.com.br\/a-clinica\">aqui<\/a>.<\/p>\n\n\n\n<p><strong><a href=\"https:\/\/api.whatsapp.com\/send?phone=5511944949434\" data-type=\"URL\" data-id=\"https:\/\/api.whatsapp.com\/send?phone=5511944949434\" target=\"_blank\" rel=\"noopener\">Entre em contato conosco para obter mais informa\u00e7\u00f5es!<\/a><\/strong><\/p>\n","protected":false},"excerpt":{"rendered":"<p>O quadril \u00e9 uma articula\u00e7\u00e3o constitu\u00edda pela jun\u00e7\u00e3o entre o f\u00eamur e o acet\u00e1bulo, uma regi\u00e3o da bacia que se articula com a cabe\u00e7a do f\u00eamur. As fraturas podem se dar em diversas partes: na cabe\u00e7a do f\u00eamur, na regi\u00e3o mais estreita chamada de colo que fica logo abaixo da cabe\u00e7a e, ainda, nas regi\u00f5es [&hellip;]<\/p>\n","protected":false},"author":1,"featured_media":6517,"comment_status":"closed","ping_status":"closed","sticky":false,"template":"","format":"standard","meta":{"_acf_changed":false,"footnotes":""},"categories":[1],"tags":[],"class_list":["post-6516","post","type-post","status-publish","format-standard","has-post-thumbnail","hentry","category-sem-categoria"],"acf":[],"_links":{"self":[{"href":"https:\/\/ortopediadaniachi.com.br\/blog\/wp-json\/wp\/v2\/posts\/6516","targetHints":{"allow":["GET"]}}],"collection":[{"href":"https:\/\/ortopediadaniachi.com.br\/blog\/wp-json\/wp\/v2\/posts"}],"about":[{"href":"https:\/\/ortopediadaniachi.com.br\/blog\/wp-json\/wp\/v2\/types\/post"}],"author":[{"embeddable":true,"href":"https:\/\/ortopediadaniachi.com.br\/blog\/wp-json\/wp\/v2\/users\/1"}],"replies":[{"embeddable":true,"href":"https:\/\/ortopediadaniachi.com.br\/blog\/wp-json\/wp\/v2\/comments?post=6516"}],"version-history":[{"count":4,"href":"https:\/\/ortopediadaniachi.com.br\/blog\/wp-json\/wp\/v2\/posts\/6516\/revisions"}],"predecessor-version":[{"id":7216,"href":"https:\/\/ortopediadaniachi.com.br\/blog\/wp-json\/wp\/v2\/posts\/6516\/revisions\/7216"}],"wp:featuredmedia":[{"embeddable":true,"href":"https:\/\/ortopediadaniachi.com.br\/blog\/wp-json\/wp\/v2\/media\/6517"}],"wp:attachment":[{"href":"https:\/\/ortopediadaniachi.com.br\/blog\/wp-json\/wp\/v2\/media?parent=6516"}],"wp:term":[{"taxonomy":"category","embeddable":true,"href":"https:\/\/ortopediadaniachi.com.br\/blog\/wp-json\/wp\/v2\/categories?post=6516"},{"taxonomy":"post_tag","embeddable":true,"href":"https:\/\/ortopediadaniachi.com.br\/blog\/wp-json\/wp\/v2\/tags?post=6516"}],"curies":[{"name":"wp","href":"https:\/\/api.w.org\/{rel}","templated":true}]}}