{"id":6546,"date":"2022-03-15T18:45:57","date_gmt":"2022-03-15T21:45:57","guid":{"rendered":"https:\/\/ortopediadaniachi.com.br\/blog\/?p=6546"},"modified":"2025-02-06T16:49:01","modified_gmt":"2025-02-06T19:49:01","slug":"nutricao-para-gestantes-a-alimentacao-da-mae-pode-provocar-alergia-no-bebe","status":"publish","type":"post","link":"https:\/\/ortopediadaniachi.com.br\/blog\/nutricao-para-gestantes-a-alimentacao-da-mae-pode-provocar-alergia-no-bebe\/","title":{"rendered":"Nutri\u00e7\u00e3o para a gestante: a alimenta\u00e7\u00e3o da m\u00e3e pode provocar alergia no beb\u00ea?"},"content":{"rendered":"\n<p>As alergias s\u00e3o uma das grandes preocupa\u00e7\u00f5es de m\u00e3es de beb\u00eas, especialmente as que s\u00e3o de primeira viagem.&nbsp;<\/p>\n\n\n\n<p>Entre as d\u00favidas e preocupa\u00e7\u00f5es, surge a quest\u00e3o se a alimenta\u00e7\u00e3o da m\u00e3e pode interferir e provocar alergias no beb\u00ea.<\/p>\n\n\n\n<p>Voc\u00ea sabe se isso \u00e9 poss\u00edvel?<\/p>\n\n\n\n<p>Hoje vamos tratar sobre esse tema para voc\u00ea ficar bem informado, por isso se este assunto te interessa, acompanhe at\u00e9 o final!<\/p>\n\n\n\n<p>Vamos l\u00e1?<\/p>\n\n\n\n<h2 class=\"wp-block-heading\">Alergia alimentar no beb\u00ea<\/h2>\n\n\n\n<p>As alergias alimentares em beb\u00eas podem ser definidas como rea\u00e7\u00f5es exageradas do sistema imunol\u00f3gico a determinada prote\u00edna encontrada nos alimentos.&nbsp;<\/p>\n\n\n\n<p>A maior parte das rea\u00e7\u00f5es, no entanto, n\u00e3o s\u00e3o consideradas alergias, mas sim intoler\u00e2ncias alimentares.&nbsp;<\/p>\n\n\n\n<p>As alergias podem se manifestar em qualquer idade, mas \u00e9 mais comum que se manifestem nos primeiros meses de vida.&nbsp;<\/p>\n\n\n\n<p>Os sintomas podem ser manifestados poucos minutos ap\u00f3s a ingest\u00e3o do alimento ou at\u00e9 mesmo algumas horas.<\/p>\n\n\n\n<p>Os sinais podem envolver a pele, sistema digestivo e sistema respirat\u00f3rio.<\/p>\n\n\n\n<p>Veja os principais sintomas de <a href=\"https:\/\/alergovel.com.br\/\" target=\"_blank\" rel=\"noopener\">alergia alimentar<\/a>:<\/p>\n\n\n\n<ul class=\"wp-block-list\">\n<li>Manchas avermelhadas na pele e incha\u00e7o;<\/li>\n\n\n\n<li>Coceira;<\/li>\n\n\n\n<li>V\u00f4mito e diarreia;<\/li>\n\n\n\n<li>Presen\u00e7a de sangue ou muco na pele;<\/li>\n\n\n\n<li>Incha\u00e7o na l\u00edngua, <a href=\"http:\/\/dramedeiacoradini.com.br\/neuroftalmologia\/anisocoricas\/\" data-type=\"link\" data-id=\"dramedeiacoradini.com.br\/neuroftalmologia\/anisocoricas\/\" target=\"_blank\" rel=\"noopener\">olhos<\/a>, l\u00e1bios e rosto;<\/li>\n\n\n\n<li><a href=\"http:\/\/pediatradranacarolina.com.br\/blog\/tosse-persistente-na-infancia-o-que-pode-ser\/\" data-type=\"link\" data-id=\"pediatradranacarolina.com.br\/blog\/tosse-persistente-na-infancia-o-que-pode-ser\/\" target=\"_blank\" rel=\"noopener\">Tosse e chiado<\/a> ao respirar;<\/li>\n\n\n\n<li>Dificuldade de respirar.&nbsp;<\/li>\n<\/ul>\n\n\n\n<p>O n\u00edvel de intensidade dos sintomas podem variar, mas \u00e9 fundamental identificar o alimento causador da alergia e, em casos graves, levar o beb\u00ea imediatamente a um hospital.&nbsp;<\/p>\n\n\n\n<figure class=\"wp-block-gallery has-nested-images columns-default is-cropped wp-block-gallery-1 is-layout-flex wp-block-gallery-is-layout-flex\">\n<figure class=\"wp-block-image size-large\"><img decoding=\"async\" width=\"1024\" height=\"536\" data-id=\"6547\" src=\"https:\/\/ortopediadaniachi.com.br\/blog\/wp-content\/uploads\/2022\/03\/nutricao-para-gestantes-a-alimentacao-da-mae-pode-provocar-alergia-no-bebe-1024x536.jpg\" alt=\"Nutri\u00e7\u00e3o para gestantes: a alimenta\u00e7\u00e3o da m\u00e3e pode provocar alergia no beb\u00ea?\" class=\"wp-image-6547\" srcset=\"https:\/\/ortopediadaniachi.com.br\/blog\/wp-content\/uploads\/2022\/03\/nutricao-para-gestantes-a-alimentacao-da-mae-pode-provocar-alergia-no-bebe-1024x536.jpg 1024w, https:\/\/ortopediadaniachi.com.br\/blog\/wp-content\/uploads\/2022\/03\/nutricao-para-gestantes-a-alimentacao-da-mae-pode-provocar-alergia-no-bebe-300x157.jpg 300w, https:\/\/ortopediadaniachi.com.br\/blog\/wp-content\/uploads\/2022\/03\/nutricao-para-gestantes-a-alimentacao-da-mae-pode-provocar-alergia-no-bebe-768x402.jpg 768w, https:\/\/ortopediadaniachi.com.br\/blog\/wp-content\/uploads\/2022\/03\/nutricao-para-gestantes-a-alimentacao-da-mae-pode-provocar-alergia-no-bebe.jpg 1200w\" sizes=\"(max-width: 1024px) 100vw, 1024px\" \/><\/figure>\n<\/figure>\n\n\n\n<h2 class=\"wp-block-heading\">Afinal, a alimenta\u00e7\u00e3o da m\u00e3e pode provocar alergias?<\/h2>\n\n\n\n<p>Usualmente a alergia alimentar est\u00e1 associada \u00e0 prote\u00edna do leite, sendo mais comum em beb\u00eas que j\u00e1 passaram pela introdu\u00e7\u00e3o alimentar.&nbsp;<\/p>\n\n\n\n<p>No entanto, beb\u00eas que est\u00e3o em aleitamento exclusivo tamb\u00e9m podem apresentar alergias.&nbsp;<\/p>\n\n\n\n<p>Os sintomas, nestes casos, podem estar relacionados com alimentos consumidos pela m\u00e3e e que as prote\u00ednas podem ser passadas pelo leite.&nbsp;<\/p>\n\n\n\n<p>O leite de vaca \u00e9 o principal alimento que pode causar alergias.&nbsp;<\/p>\n\n\n\n<p>No entanto, n\u00e3o existem alimentos proibidos para a m\u00e3e que est\u00e1 em per\u00edodo de amamenta\u00e7\u00e3o.&nbsp;<\/p>\n\n\n\n<p>Isso porque cada beb\u00ea tende a reagir de forma diferente \u00e0 amamenta\u00e7\u00e3o e torna-se dif\u00edcil saber qual alimento ingerido pela m\u00e3e pode causar certas rea\u00e7\u00f5es.&nbsp;<\/p>\n\n\n\n<p>O ideal \u00e9 que a m\u00e3e observe o comportamento do beb\u00ea de acordo com sua dieta e fa\u00e7a adapta\u00e7\u00f5es conforme note altera\u00e7\u00f5es.<\/p>\n\n\n\n<p>Os sinais comuns que algo est\u00e1 errado s\u00e3o choro, irritabilidade, recusa do seio, gases, entre outros sinais de alergia.&nbsp;<\/p>\n\n\n\n<p>O mais indicado \u00e9 que a lactante mantenha uma alimenta\u00e7\u00e3o variada e equilibrada, rica em nutrientes.&nbsp;<\/p>\n\n\n\n<p>N\u00e3o \u00e9 indicado que a m\u00e3e passe por dietas restritivas durante a amamenta\u00e7\u00e3o, pois pode prejudicar a produ\u00e7\u00e3o de leite e nutri\u00e7\u00e3o da <a href=\"https:\/\/drarenatapadilla.com.br\/\" data-type=\"link\" data-id=\"https:\/\/drarenatapadilla.com.br\/\" target=\"_blank\" rel=\"noopener\">crian\u00e7a<\/a>.&nbsp;<\/p>\n\n\n\n<p>Al\u00e9m disso, \u00e9 fundamental mencionar que a amamenta\u00e7\u00e3o \u00e9 importante na preven\u00e7\u00e3o de diversas doen\u00e7as nos anos iniciais do beb\u00ea.&nbsp;<\/p>\n\n\n\n<p>Uma <a href=\"https:\/\/ortopediadaniachi.com.br\/tratamentos\/nutricao-para-gestantes\">alimenta\u00e7\u00e3o balanceada<\/a>, momentos de descanso e sono de qualidade s\u00e3o cuidados que prolongam o tempo da amamenta\u00e7\u00e3o e colaboram para uma melhor produ\u00e7\u00e3o do leite.<\/p>\n\n\n\n<p>Al\u00e9m disso, medicamentos, cigarros e <a href=\"https:\/\/revistacrescer.globo.com\/noticia\/2017\/07\/alcool-na-amamentacao-pode.html\" target=\"_blank\" rel=\"noreferrer noopener\">bebidas alco\u00f3licas<\/a> e outras drogas n\u00e3o devem ser consumidas durante a amamenta\u00e7\u00e3o, podendo afetar diretamente o beb\u00ea.<\/p>\n\n\n\n<h2 class=\"wp-block-heading\">Quer saber mais sobre o assunto? Consulte um pediatra ou nutricionista!<\/h2>\n\n\n\n<p>Agora voc\u00ea j\u00e1 sabe mais sobre como sua alimenta\u00e7\u00e3o pode afetar a <a href=\"https:\/\/criarpediatria.com.br\/\" data-type=\"link\" data-id=\"https:\/\/criarpediatria.com.br\/\" target=\"_blank\" rel=\"noopener\">sa\u00fade do seu beb\u00ea<\/a> durante a amamenta\u00e7\u00e3o.\u00a0<\/p>\n\n\n\n<p>Caso tenha d\u00favidas sobre este assunto, queira mudar algo na sua alimenta\u00e7\u00e3o ou suspeita de alergias, busque por um m\u00e9dico especialista!<\/p>\n\n\n\n<p>Nesse sentido, nossa recomenda\u00e7\u00e3o \u00e9 a Cl\u00ednica Daniachi.<\/p>\n\n\n\n<p>Esta \u00e9 uma cl\u00ednica de sa\u00fade integrada, com especialidades como Nutri\u00e7\u00e3o, Ortopedia, Medicina Chinesa e mais!<\/p>\n\n\n\n<p><strong><a href=\"https:\/\/api.whatsapp.com\/send?phone=5511944949434\" data-type=\"URL\" data-id=\"https:\/\/api.whatsapp.com\/send?phone=5511944949434\" target=\"_blank\" rel=\"noopener\">Agende sua consulta e conhe\u00e7a.<\/a><\/strong><\/p>\n","protected":false},"excerpt":{"rendered":"<p>As alergias s\u00e3o uma das grandes preocupa\u00e7\u00f5es de m\u00e3es de beb\u00eas, especialmente as que s\u00e3o de primeira viagem.&nbsp; Entre as d\u00favidas e preocupa\u00e7\u00f5es, surge a quest\u00e3o se a alimenta\u00e7\u00e3o da m\u00e3e pode interferir e provocar alergias no beb\u00ea. Voc\u00ea sabe se isso \u00e9 poss\u00edvel? Hoje vamos tratar sobre esse tema para voc\u00ea ficar bem informado, [&hellip;]<\/p>\n","protected":false},"author":1,"featured_media":0,"comment_status":"closed","ping_status":"closed","sticky":false,"template":"","format":"standard","meta":{"_acf_changed":false,"footnotes":""},"categories":[1],"tags":[],"class_list":["post-6546","post","type-post","status-publish","format-standard","hentry","category-sem-categoria"],"acf":[],"_links":{"self":[{"href":"https:\/\/ortopediadaniachi.com.br\/blog\/wp-json\/wp\/v2\/posts\/6546","targetHints":{"allow":["GET"]}}],"collection":[{"href":"https:\/\/ortopediadaniachi.com.br\/blog\/wp-json\/wp\/v2\/posts"}],"about":[{"href":"https:\/\/ortopediadaniachi.com.br\/blog\/wp-json\/wp\/v2\/types\/post"}],"author":[{"embeddable":true,"href":"https:\/\/ortopediadaniachi.com.br\/blog\/wp-json\/wp\/v2\/users\/1"}],"replies":[{"embeddable":true,"href":"https:\/\/ortopediadaniachi.com.br\/blog\/wp-json\/wp\/v2\/comments?post=6546"}],"version-history":[{"count":10,"href":"https:\/\/ortopediadaniachi.com.br\/blog\/wp-json\/wp\/v2\/posts\/6546\/revisions"}],"predecessor-version":[{"id":7317,"href":"https:\/\/ortopediadaniachi.com.br\/blog\/wp-json\/wp\/v2\/posts\/6546\/revisions\/7317"}],"wp:attachment":[{"href":"https:\/\/ortopediadaniachi.com.br\/blog\/wp-json\/wp\/v2\/media?parent=6546"}],"wp:term":[{"taxonomy":"category","embeddable":true,"href":"https:\/\/ortopediadaniachi.com.br\/blog\/wp-json\/wp\/v2\/categories?post=6546"},{"taxonomy":"post_tag","embeddable":true,"href":"https:\/\/ortopediadaniachi.com.br\/blog\/wp-json\/wp\/v2\/tags?post=6546"}],"curies":[{"name":"wp","href":"https:\/\/api.w.org\/{rel}","templated":true}]}}