{"id":6580,"date":"2022-05-18T21:11:03","date_gmt":"2022-05-19T00:11:03","guid":{"rendered":"https:\/\/ortopediadaniachi.com.br\/blog\/?p=6580"},"modified":"2024-10-04T13:35:13","modified_gmt":"2024-10-04T16:35:13","slug":"dor-no-quadril-em-ciclistas-confira-os-sinais-de-alerta","status":"publish","type":"post","link":"https:\/\/ortopediadaniachi.com.br\/blog\/dor-no-quadril-em-ciclistas-confira-os-sinais-de-alerta\/","title":{"rendered":"Dores no quadril em ciclistas: confira os sinais de alerta!"},"content":{"rendered":"<p><span style=\"font-weight: 400;\">A pr\u00e1tica de esportes de alto impacto, como o ciclismo, traz diversos <\/span><a href=\"https:\/\/brasil.elpais.com\/brasil\/2017\/04\/25\/ciencia\/1493113375_290513.html\" target=\"_blank\" rel=\"noopener\"><span style=\"font-weight: 400;\">benef\u00edcios \u00e0 sa\u00fade<\/span><\/a><span style=\"font-weight: 400;\">.<\/span><\/p>\n<p><span style=\"font-weight: 400;\">Entretanto, essas atividades f\u00edsicas podem cobrar um alto pre\u00e7o.<\/span><\/p>\n<p><span style=\"font-weight: 400;\">Estima-se que esteja entre 34% e 72% o percentual de ciclistas, entre os amadores e os profissionais, que apresentem problemas no quadril de algum tipo.<\/span><\/p>\n<p><span style=\"font-weight: 400;\">Neste artigo vamos aprofundar o debate sobre a dor no quadril em ciclistas.<\/span><\/p>\n<p><span style=\"font-weight: 400;\">Ao longo do texto falaremos sobre os sinais de alerta e quais as principais doen\u00e7as que acometem o quadril de ciclistas.<\/span><\/p>\n<p><span style=\"font-weight: 400;\">Al\u00e9m disso, tamb\u00e9m citaremos os tratamentos e cuidados a serem tomados por esses atletas.<\/span><\/p>\n<p><span style=\"font-weight: 400;\">Continue a leitura!<\/span><\/p>\n<p><img decoding=\"async\" class=\"alignnone wp-image-6582 \" title=\"Dor no quadril em ciclistas confira os sinais de alerta!\" src=\"https:\/\/ortopediadaniachi.com.br\/blog\/wp-content\/uploads\/2022\/05\/Dor-no-quadril-em-ciclistas-confira-os-sinais-de-alerta-1024x576.jpg\" alt=\"Imagem que representa dor no quadril em ciclistas\" width=\"832\" height=\"468\" srcset=\"https:\/\/ortopediadaniachi.com.br\/blog\/wp-content\/uploads\/2022\/05\/Dor-no-quadril-em-ciclistas-confira-os-sinais-de-alerta-1024x576.jpg 1024w, https:\/\/ortopediadaniachi.com.br\/blog\/wp-content\/uploads\/2022\/05\/Dor-no-quadril-em-ciclistas-confira-os-sinais-de-alerta-300x169.jpg 300w, https:\/\/ortopediadaniachi.com.br\/blog\/wp-content\/uploads\/2022\/05\/Dor-no-quadril-em-ciclistas-confira-os-sinais-de-alerta-768x432.jpg 768w, https:\/\/ortopediadaniachi.com.br\/blog\/wp-content\/uploads\/2022\/05\/Dor-no-quadril-em-ciclistas-confira-os-sinais-de-alerta.jpg 1200w\" sizes=\"(max-width: 832px) 100vw, 832px\" \/><\/p>\n<h2><span style=\"font-weight: 400;\">Quais s\u00e3o os sinais de que o quadril precisa de cuidados?<\/span><\/h2>\n<p><span style=\"font-weight: 400;\">Geralmente as dores no quadril em ciclistas se apresentam na regi\u00e3o da virilha ou nas n\u00e1degas.<\/span><\/p>\n<p><span style=\"font-weight: 400;\">S\u00e3o, em geral, dores agudas e incapacitantes que aparecem de repente.<\/span><\/p>\n<p><span style=\"font-weight: 400;\">Podemos separar essas dores em duas categorias:<\/span><\/p>\n<ul>\n<li style=\"font-weight: 400;\" aria-level=\"1\"><b>Dores intr\u00ednsecas<\/b><span style=\"font-weight: 400;\">: condi\u00e7\u00f5es que j\u00e1 existem no organismo do paciente;<\/span><\/li>\n<li style=\"font-weight: 400;\" aria-level=\"1\"><b>Dores extr\u00ednsecas<\/b><span style=\"font-weight: 400;\">: dores que t\u00eam rela\u00e7\u00e3o direta com a pr\u00e1tica do ciclismo.<\/span><\/li>\n<\/ul>\n<p><span style=\"font-weight: 400;\">De toda forma, \u00e9 necess\u00e1rio frisar que quando as dores no quadril se apresentam mais frequentemente em pessoas com menos de 70 anos de idade, um alerta precisa ser ligado.<\/span><\/p>\n<p><span style=\"font-weight: 400;\">Os desgastes osteomusculares que provocam essas dores s\u00f3 s\u00e3o naturais a partir dessa idade.<\/span><\/p>\n<p><span style=\"font-weight: 400;\">Se ocorrerem antes disso, provavelmente t\u00eam liga\u00e7\u00f5es com a pr\u00e1tica do esporte ou com doen\u00e7as pr\u00e9-existentes.<\/span><\/p>\n<p><span style=\"font-weight: 400;\">No caso de ciclistas semiprofissionais e profissionais, as dores no quadril t\u00eam mais de 65% de chances de estarem relacionadas com a pr\u00e1tica do esporte.\u00a0<\/span><\/p>\n<h2><span style=\"font-weight: 400;\">Doen\u00e7as relacionadas<\/span><\/h2>\n<p><span style=\"font-weight: 400;\">Todas as dores no quadril t\u00eam, de uma forma ou de outra, uma liga\u00e7\u00e3o com algum tipo de doen\u00e7a.<\/span><\/p>\n<p><span style=\"font-weight: 400;\">Algumas das principais doen\u00e7as que causam este sintoma, s\u00e3o:<\/span><\/p>\n<ul>\n<li style=\"font-weight: 400;\" aria-level=\"1\"><b>Tendinite de quadril<\/b><span style=\"font-weight: 400;\">: inflama\u00e7\u00e3o aguda que atinge os tend\u00f5es da regi\u00e3o do quadril;<\/span><\/li>\n<li style=\"font-weight: 400;\" aria-level=\"1\"><b>Bursite de quadril<\/b><span style=\"font-weight: 400;\">: inflama\u00e7\u00e3o das bursas do quadril;<\/span><\/li>\n<li style=\"font-weight: 400;\" aria-level=\"1\"><b>Artrite e\/ou artrose de quadril<\/b><span style=\"font-weight: 400;\">: processo inflamat\u00f3rio cr\u00f4nico que atinge as cartilagens e articula\u00e7\u00f5es do quadril;<\/span><\/li>\n<li style=\"font-weight: 400;\" aria-level=\"1\"><b>Osteonecrose da cabe\u00e7a femoral<\/b><span style=\"font-weight: 400;\">: doen\u00e7a causada pelo desgaste da cabe\u00e7a do f\u00eamur;<\/span><\/li>\n<li style=\"font-weight: 400;\" aria-level=\"1\"><span style=\"font-weight: 400;\">Entre outras.<\/span><\/li>\n<\/ul>\n<h2><span style=\"font-weight: 400;\">Tratamentos poss\u00edveis<\/span><\/h2>\n<p><span style=\"font-weight: 400;\">Os tratamentos para dores no quadril de ciclistas levam em considera\u00e7\u00e3o a causa da condi\u00e7\u00e3o.<\/span><\/p>\n<p><span style=\"font-weight: 400;\">O m\u00e9dico indicado para analisar a \u00e1rea afetada \u00e9 o ortopedista especialista em quadril, que possui toda a expertise necess\u00e1ria para avaliar a situa\u00e7\u00e3o das articula\u00e7\u00f5es do local.<\/span><\/p>\n<p><span style=\"font-weight: 400;\">A partir de uma an\u00e1lise minuciosa, feita com exames cl\u00ednicos e de imagem, o profissional ir\u00e1 determinar qual \u00e9 a doen\u00e7a que causa a dor e o que pode ter desencadeado o seu aparecimento.<\/span><\/p>\n<p><span style=\"font-weight: 400;\">O movimento repetitivo que o quadril faz no ato de pedalar, que for\u00e7a m\u00fasculos, tend\u00f5es e articula\u00e7\u00f5es, pode causar desgastes e, por consequ\u00eancia, dores no quadril.<\/span><\/p>\n<p><span style=\"font-weight: 400;\">Doen\u00e7as mais simples, como as tendinites de quadril, geralmente s\u00e3o tratadas com a administra\u00e7\u00e3o de medicamentos e a realiza\u00e7\u00e3o de fisioterapias.<\/span><\/p>\n<p><span style=\"font-weight: 400;\">J\u00e1 condi\u00e7\u00f5es mais graves, como a osteonecrose da cabe\u00e7a femoral, geralmente precisam de cirurgia.<\/span><\/p>\n<h2><span style=\"font-weight: 400;\">Cuidados a serem tomados<\/span><\/h2>\n<p><span style=\"font-weight: 400;\">As dores no quadril de ciclistas provenientes da pr\u00e1tica do esporte, podem ser prevenidas.<\/span><\/p>\n<p><span style=\"font-weight: 400;\">Os cuidados tamb\u00e9m podem ser indicados por ortopedistas e\/ou especialistas em educa\u00e7\u00e3o f\u00edsica.<\/span><\/p>\n<p><span style=\"font-weight: 400;\">Entre as pr\u00e1ticas ben\u00e9ficas, podemos citar:<\/span><\/p>\n<ul>\n<li style=\"font-weight: 400;\" aria-level=\"1\"><b>Muscula\u00e7\u00e3o focada na regi\u00e3o do quadril<\/b><span style=\"font-weight: 400;\">, para o fortalecimento da musculatura e a preven\u00e7\u00e3o de les\u00f5es por esfor\u00e7o repetitivo;<\/span><\/li>\n<li style=\"font-weight: 400;\" aria-level=\"1\"><b>Nata\u00e7\u00e3o<\/b><span style=\"font-weight: 400;\">;<\/span><\/li>\n<li style=\"font-weight: 400;\" aria-level=\"1\"><b>Caminhada e corrida<\/b><span style=\"font-weight: 400;\">;<\/span><\/li>\n<li style=\"font-weight: 400;\" aria-level=\"1\"><b>Fisioterapia preventiva<\/b><span style=\"font-weight: 400;\">;<\/span><\/li>\n<li style=\"font-weight: 400;\" aria-level=\"1\"><b>Perda de peso<\/b><span style=\"font-weight: 400;\">;<\/span><\/li>\n<li style=\"font-weight: 400;\" aria-level=\"1\"><b>Utiliza\u00e7\u00e3o da bicicleta correta<\/b><span style=\"font-weight: 400;\"> para o seu bi\u00f3tipo;<\/span><\/li>\n<li style=\"font-weight: 400;\" aria-level=\"1\"><span style=\"font-weight: 400;\">Entre outras.<\/span><\/li>\n<\/ul>\n<h2><span style=\"font-weight: 400;\">Busque ajuda quanto antes!<\/span><\/h2>\n<p><span style=\"font-weight: 400;\">Se voc\u00ea pratica ciclismo e tem sentido dores no quadril, busque ajuda hoje mesmo!<\/span><\/p>\n<p><span style=\"font-weight: 400;\">Para tratar qualquer problema que esteja causando dores no seu quadril, ningu\u00e9m \u00e9 mais indicado que o Dr. Daniel Daniachi.<\/span><\/p>\n<p><span style=\"font-weight: 400;\">O Dr. Daniachi possui especialidade em tratamentos para qualquer condi\u00e7\u00e3o que afete o quadril.<\/span><\/p>\n<p><a href=\"https:\/\/api.whatsapp.com\/send?phone=5511944949434\" target=\"_blank\" rel=\"noopener\"><strong>Entre em contato<\/strong><\/a><span style=\"font-weight: 400;\"> e marque hoje mesmo a sua consulta. D\u00ea o primeiro passo para se ver livre das dores!<\/span><\/p>\n","protected":false},"excerpt":{"rendered":"<p>A pr\u00e1tica de esportes de alto impacto, como o ciclismo, traz diversos benef\u00edcios \u00e0 sa\u00fade. Entretanto, essas atividades f\u00edsicas podem cobrar um alto pre\u00e7o. Estima-se que esteja entre 34% e 72% o percentual de ciclistas, entre os amadores e os profissionais, que apresentem problemas no quadril de algum tipo. Neste artigo vamos aprofundar o debate [&hellip;]<\/p>\n","protected":false},"author":1,"featured_media":0,"comment_status":"closed","ping_status":"closed","sticky":false,"template":"","format":"standard","meta":{"_acf_changed":false,"footnotes":""},"categories":[1],"tags":[],"class_list":["post-6580","post","type-post","status-publish","format-standard","hentry","category-sem-categoria"],"acf":[],"_links":{"self":[{"href":"https:\/\/ortopediadaniachi.com.br\/blog\/wp-json\/wp\/v2\/posts\/6580","targetHints":{"allow":["GET"]}}],"collection":[{"href":"https:\/\/ortopediadaniachi.com.br\/blog\/wp-json\/wp\/v2\/posts"}],"about":[{"href":"https:\/\/ortopediadaniachi.com.br\/blog\/wp-json\/wp\/v2\/types\/post"}],"author":[{"embeddable":true,"href":"https:\/\/ortopediadaniachi.com.br\/blog\/wp-json\/wp\/v2\/users\/1"}],"replies":[{"embeddable":true,"href":"https:\/\/ortopediadaniachi.com.br\/blog\/wp-json\/wp\/v2\/comments?post=6580"}],"version-history":[{"count":4,"href":"https:\/\/ortopediadaniachi.com.br\/blog\/wp-json\/wp\/v2\/posts\/6580\/revisions"}],"predecessor-version":[{"id":6953,"href":"https:\/\/ortopediadaniachi.com.br\/blog\/wp-json\/wp\/v2\/posts\/6580\/revisions\/6953"}],"wp:attachment":[{"href":"https:\/\/ortopediadaniachi.com.br\/blog\/wp-json\/wp\/v2\/media?parent=6580"}],"wp:term":[{"taxonomy":"category","embeddable":true,"href":"https:\/\/ortopediadaniachi.com.br\/blog\/wp-json\/wp\/v2\/categories?post=6580"},{"taxonomy":"post_tag","embeddable":true,"href":"https:\/\/ortopediadaniachi.com.br\/blog\/wp-json\/wp\/v2\/tags?post=6580"}],"curies":[{"name":"wp","href":"https:\/\/api.w.org\/{rel}","templated":true}]}}