{"id":6598,"date":"2022-06-21T13:16:04","date_gmt":"2022-06-21T16:16:04","guid":{"rendered":"https:\/\/ortopediadaniachi.com.br\/blog\/?p=6598"},"modified":"2024-10-04T13:36:09","modified_gmt":"2024-10-04T16:36:09","slug":"7-sinais-que-podem-indicar-que-voce-precisa-de-fisioterapia","status":"publish","type":"post","link":"https:\/\/ortopediadaniachi.com.br\/blog\/7-sinais-que-podem-indicar-que-voce-precisa-de-fisioterapia\/","title":{"rendered":"7 Sinais que podem indicar que voc\u00ea precisa de fisioterapia"},"content":{"rendered":"<p><span style=\"font-weight: 400;\">Muitas pessoas pensam que a fisioterapia s\u00f3 \u00e9 necess\u00e1ria em tratamentos de les\u00f5es ou em p\u00f3s-operat\u00f3rios, por exemplo.<\/span><\/p>\n<p><span style=\"font-weight: 400;\">Contudo, isso \u00e9 um ledo engano, uma vez que essa ci\u00eancia da sa\u00fade engloba v\u00e1rios outros aspectos.<\/span><\/p>\n<p><span style=\"font-weight: 400;\">A fisioterapia estuda todo e qualquer dist\u00farbio cin\u00e9tico, ou seja, de movimento, que possa afetar um indiv\u00edduo.<\/span><\/p>\n<p><span style=\"font-weight: 400;\">E como sabemos, o corpo humano pode sofrer com desgastes ao longo do tempo, devido ao envelhecimento e a outros fatores.<\/span><\/p>\n<p><span style=\"font-weight: 400;\">Mas, quando procurar um fisioterapeuta?<\/span><\/p>\n<p><span style=\"font-weight: 400;\">Neste artigo vamos falar sobre 7 sinais que indicam a hora certa de se submeter a algum tipo de <a href=\"https:\/\/seosemmitos.com.br\/como-fazer-seo-local-para-um-site-de-fisioterapia\/\" target=\"_blank\" rel=\"noopener\">fisioterapia<\/a>.<\/span><\/p>\n<p><span style=\"font-weight: 400;\">Confira!<\/span><\/p>\n<p><img decoding=\"async\" class=\"alignnone wp-image-6599 size-large\" title=\"imagem que representa fisioterapia\" src=\"https:\/\/ortopediadaniachi.com.br\/blog\/wp-content\/uploads\/2022\/06\/7-Sinais-que-podem-indicar-que-voce-precisa-de-fisioterapia-1024x576.jpg\" alt=\"imagem que representa fisioterapia\" width=\"1024\" height=\"576\" srcset=\"https:\/\/ortopediadaniachi.com.br\/blog\/wp-content\/uploads\/2022\/06\/7-Sinais-que-podem-indicar-que-voce-precisa-de-fisioterapia-1024x576.jpg 1024w, https:\/\/ortopediadaniachi.com.br\/blog\/wp-content\/uploads\/2022\/06\/7-Sinais-que-podem-indicar-que-voce-precisa-de-fisioterapia-300x169.jpg 300w, https:\/\/ortopediadaniachi.com.br\/blog\/wp-content\/uploads\/2022\/06\/7-Sinais-que-podem-indicar-que-voce-precisa-de-fisioterapia-768x432.jpg 768w, https:\/\/ortopediadaniachi.com.br\/blog\/wp-content\/uploads\/2022\/06\/7-Sinais-que-podem-indicar-que-voce-precisa-de-fisioterapia.jpg 1200w\" sizes=\"(max-width: 1024px) 100vw, 1024px\" \/><\/p>\n<h2><span style=\"font-weight: 400;\">Saiba quando o seu corpo est\u00e1 indicando a necessidade de sess\u00f5es fisioter\u00e1picas<\/span><\/h2>\n<p><span style=\"font-weight: 400;\">Como dissemos anteriormente, a fisioterapia n\u00e3o \u00e9 necess\u00e1ria apenas para tratar problemas agudos de mobilidade.<\/span><\/p>\n<p><span style=\"font-weight: 400;\">O pr\u00f3prio corpo pode se desgastar e come\u00e7ar a apresentar sinais de que precisa de fisioterapia.<\/span><\/p>\n<p><span style=\"font-weight: 400;\">Conhe\u00e7a 7 desses sinais a seguir!<\/span><\/p>\n<h3><strong>1. Dores de cabe\u00e7a constantes<\/strong><\/h3>\n<p><span style=\"font-weight: 400;\">Na maioria das vezes as dores de cabe\u00e7a est\u00e3o relacionadas a altera\u00e7\u00f5es musculares, nevr\u00e1lgicas ou \u00f3sseas.<\/span><\/p>\n<p><span style=\"font-weight: 400;\">Assim, sentir dores de cabe\u00e7a constantemente pode estar indicando que algo est\u00e1 errado na postura ou no alinhamento muscular.<\/span><\/p>\n<p><span style=\"font-weight: 400;\">Nesses casos, fazer uma visita a um fisioterapeuta \u00e9 o mais indicado, para que a causa das dores seja identificada e tratada.<\/span><\/p>\n<h3><strong>2. Dores nos ombros<\/strong><\/h3>\n<p><span style=\"font-weight: 400;\">Praticamente a totalidade das dores nos ombros possuem ra\u00edzes em problemas nas articula\u00e7\u00f5es do local.<\/span><\/p>\n<p><span style=\"font-weight: 400;\">Os tratamentos para a maioria das les\u00f5es de ombro, como <\/span><a href=\"https:\/\/www.reumatologia.org.br\/orientacoes-ao-paciente\/tendinites-e-bursites\/\" target=\"_blank\" rel=\"noopener\"><span style=\"font-weight: 400;\">tendinite e bursite<\/span><\/a><span style=\"font-weight: 400;\">, por exemplo, exigem sess\u00f5es de fisioterapia.<\/span><\/p>\n<p><span style=\"font-weight: 400;\">Ao sentir dor nos ombros, o ideal \u00e9 buscar um ortopedista que ir\u00e1 investigar a causa das dores e, s\u00f3 ent\u00e3o, encaminhar o paciente a um fisioterapeuta, se esse for o caso.<\/span><\/p>\n<h3><strong>3. Dificuldade ou dor para se abaixar<\/strong><\/h3>\n<p><span style=\"font-weight: 400;\">Ter dificuldades para se abaixar ou sentir dor no processo \u00e9 um forte sinal de que algo n\u00e3o vai bem no local da dor.<\/span><\/p>\n<p><span style=\"font-weight: 400;\">Pode se tratar de uma doen\u00e7a \u00f3ssea, de uma <\/span><a href=\"https:\/\/ortopediadaniachi.com.br\/blog\/acupuntura-para-distensao-muscular\/\"><span style=\"font-weight: 400;\">distens\u00e3o muscular<\/span><\/a><span style=\"font-weight: 400;\">, de um problema em tend\u00f5es ou outros.<\/span><\/p>\n<p><span style=\"font-weight: 400;\">De toda forma, seja qual for o problema, com certeza existe um m\u00e9todo fisioter\u00e1pico indicado como tratamento.<\/span><\/p>\n<h3><strong>4. Falta de for\u00e7a<\/strong><\/h3>\n<p><span style=\"font-weight: 400;\">Notar a falta de for\u00e7a em algum membro do corpo \u00e9 um sinal de alerta de que os m\u00fasculos n\u00e3o est\u00e3o bem.<\/span><\/p>\n<p><span style=\"font-weight: 400;\">Em contrapartida, existem v\u00e1rios tratamentos na fisioterapia que promovem o ganho de for\u00e7a e resist\u00eancia muscular.<\/span><\/p>\n<p><span style=\"font-weight: 400;\">Esses exerc\u00edcios tonificam os m\u00fasculos e proporcionam a regenera\u00e7\u00e3o das fibras musculares.<\/span><\/p>\n<h3><strong>5. Falta de equil\u00edbrio<\/strong><\/h3>\n<p><span style=\"font-weight: 400;\">A falta de equil\u00edbrio tamb\u00e9m est\u00e1 relacionada \u00e0 fraqueza de m\u00fasculos, ossos, bem como ao desgaste de articula\u00e7\u00f5es importantes, como o quadril.<\/span><\/p>\n<p><span style=\"font-weight: 400;\">Como n\u00f3s sabemos, o foco da fisioterapia, no \u00e2mbito geral, \u00e9 promover a reestrutura\u00e7\u00e3o da resist\u00eancia f\u00edsica.<\/span><\/p>\n<h3><strong>6. Quedas frequentes<\/strong><\/h3>\n<p><span style=\"font-weight: 400;\">Sofrer quedas frequentemente \u00e9 um dos principais sinais de fraqueza muscular ou do desequil\u00edbrio gerado por ela.<\/span><\/p>\n<p><span style=\"font-weight: 400;\">Essa condi\u00e7\u00e3o, que \u00e9 comum em idosos, \u00e9 uma das causas que levam mais pessoas a visitar fisioterapeutas.<\/span><\/p>\n<h3><strong>7. Dificuldade ou dor para subir e descer escadas<\/strong><\/h3>\n<p><span style=\"font-weight: 400;\">Subir e descer escadas exige for\u00e7a, resist\u00eancia e firmeza nas articula\u00e7\u00f5es dos membros inferiores.<\/span><\/p>\n<p><span style=\"font-weight: 400;\">Ter dificuldades para realizar essas tarefas \u00e9 um sinal claro de que essas articula\u00e7\u00f5es n\u00e3o v\u00e3o bem e de que o indiv\u00edduo afetado precisa de sess\u00f5es de fisioterapia.<\/span><\/p>\n<h2><span style=\"font-weight: 400;\">Voc\u00ea tem notado algum desses sinais? Procure ajuda agora mesmo!<\/span><\/h2>\n<p><span style=\"font-weight: 400;\">Se ultimamente voc\u00ea tem notado algum dos sinais citados acima, possivelmente precisa de atendimento fisioter\u00e1pico.<\/span><\/p>\n<p><span style=\"font-weight: 400;\">Neste caso, na Cl\u00ednica Daniachi voc\u00ea pode encontrar ajuda.<\/span><\/p>\n<p><span style=\"font-weight: 400;\">Esse centro de sa\u00fade integrado conta com diversos profissionais de sa\u00fade, entre eles fisioterapeutas que podem ajudar a resolver o seu problema!<\/span><\/p>\n<p><strong><a href=\"https:\/\/api.whatsapp.com\/send?phone=5511944949434\" target=\"_blank\" rel=\"noopener\">Entre agora em contato e agende uma avalia\u00e7\u00e3o!\u00a0<\/a><\/strong><\/p>\n","protected":false},"excerpt":{"rendered":"<p>Muitas pessoas pensam que a fisioterapia s\u00f3 \u00e9 necess\u00e1ria em tratamentos de les\u00f5es ou em p\u00f3s-operat\u00f3rios, por exemplo. Contudo, isso \u00e9 um ledo engano, uma vez que essa ci\u00eancia da sa\u00fade engloba v\u00e1rios outros aspectos. A fisioterapia estuda todo e qualquer dist\u00farbio cin\u00e9tico, ou seja, de movimento, que possa afetar um indiv\u00edduo. E como sabemos, [&hellip;]<\/p>\n","protected":false},"author":1,"featured_media":0,"comment_status":"closed","ping_status":"closed","sticky":false,"template":"","format":"standard","meta":{"_acf_changed":false,"footnotes":""},"categories":[1],"tags":[],"class_list":["post-6598","post","type-post","status-publish","format-standard","hentry","category-sem-categoria"],"acf":[],"_links":{"self":[{"href":"https:\/\/ortopediadaniachi.com.br\/blog\/wp-json\/wp\/v2\/posts\/6598","targetHints":{"allow":["GET"]}}],"collection":[{"href":"https:\/\/ortopediadaniachi.com.br\/blog\/wp-json\/wp\/v2\/posts"}],"about":[{"href":"https:\/\/ortopediadaniachi.com.br\/blog\/wp-json\/wp\/v2\/types\/post"}],"author":[{"embeddable":true,"href":"https:\/\/ortopediadaniachi.com.br\/blog\/wp-json\/wp\/v2\/users\/1"}],"replies":[{"embeddable":true,"href":"https:\/\/ortopediadaniachi.com.br\/blog\/wp-json\/wp\/v2\/comments?post=6598"}],"version-history":[{"count":4,"href":"https:\/\/ortopediadaniachi.com.br\/blog\/wp-json\/wp\/v2\/posts\/6598\/revisions"}],"predecessor-version":[{"id":7159,"href":"https:\/\/ortopediadaniachi.com.br\/blog\/wp-json\/wp\/v2\/posts\/6598\/revisions\/7159"}],"wp:attachment":[{"href":"https:\/\/ortopediadaniachi.com.br\/blog\/wp-json\/wp\/v2\/media?parent=6598"}],"wp:term":[{"taxonomy":"category","embeddable":true,"href":"https:\/\/ortopediadaniachi.com.br\/blog\/wp-json\/wp\/v2\/categories?post=6598"},{"taxonomy":"post_tag","embeddable":true,"href":"https:\/\/ortopediadaniachi.com.br\/blog\/wp-json\/wp\/v2\/tags?post=6598"}],"curies":[{"name":"wp","href":"https:\/\/api.w.org\/{rel}","templated":true}]}}