{"id":6621,"date":"2022-09-07T13:23:30","date_gmt":"2022-09-07T16:23:30","guid":{"rendered":"https:\/\/ortopediadaniachi.com.br\/blog\/?p=6621"},"modified":"2024-10-04T13:27:56","modified_gmt":"2024-10-04T16:27:56","slug":"dor-no-quadril-irradiando-para-a-perna-o-que-e","status":"publish","type":"post","link":"https:\/\/ortopediadaniachi.com.br\/blog\/dor-no-quadril-irradiando-para-a-perna-o-que-e\/","title":{"rendered":"Dor no quadril irradiando para a perna: o que \u00e9?"},"content":{"rendered":"<p><span style=\"font-weight: 400;\">A artrose do quadril, conhecida tamb\u00e9m por osteoartrite, acontece quando h\u00e1 desgaste da cartilagem articular. Al\u00e9m de causar dores, a condi\u00e7\u00e3o dificulta a movimenta\u00e7\u00e3o, impactando na autonomia do paciente para realizar tarefas do cotidiano, como andar, sentar e se vestir.\u00a0<\/span><\/p>\n<p><span style=\"font-weight: 400;\">Hist\u00f3ria familiar e antecedentes gen\u00e9ticos podem estar associados \u00e0s causas prim\u00e1rias. A artrose secund\u00e1ria \u00e9 decorrente de patologias pr\u00e9vias do quadril como impacto femoroacetabular, doen\u00e7as inflamat\u00f3rias e sequelas de fraturas. Ambos os sexos podem desenvolver a doen\u00e7a, mas h\u00e1 uma predisposi\u00e7\u00e3o maior nas mulheres ap\u00f3s a menopausa.<\/span><\/p>\n<p><img decoding=\"async\" class=\"alignnone wp-image-6623 size-full\" title=\"dor-no-quadril-irradiando-para-a-perna-o-que-e\" src=\"https:\/\/ortopediadaniachi.com.br\/blog\/wp-content\/uploads\/2022\/10\/dor-no-quadril-irradiando-para-a-perna-o-que-e.png\" alt=\"dor-no-quadril-irradiando-para-a-perna-o-que-e\" width=\"540\" height=\"405\" srcset=\"https:\/\/ortopediadaniachi.com.br\/blog\/wp-content\/uploads\/2022\/10\/dor-no-quadril-irradiando-para-a-perna-o-que-e.png 540w, https:\/\/ortopediadaniachi.com.br\/blog\/wp-content\/uploads\/2022\/10\/dor-no-quadril-irradiando-para-a-perna-o-que-e-300x225.png 300w\" sizes=\"(max-width: 540px) 100vw, 540px\" \/><\/p>\n<p><span style=\"font-weight: 400;\">Idosos com mais de 55 anos s\u00e3o acometidos com mais frequ\u00eancia, no entanto a artrose do quadril pode surgir em jovens. Trata-se de uma doen\u00e7a degenerativa cr\u00f4nica e, portanto, n\u00e3o tem cura.<\/span><\/p>\n<p><span style=\"font-weight: 400;\">Um dos sintomas principais da <\/span><span style=\"font-weight: 400;\">osteoartrite<\/span><span style=\"font-weight: 400;\"> s\u00e3o dores no quadril e na virilha. Ela pode ser sentida ainda no joelho, interior da coxa e ap\u00f3s atividades f\u00edsicas intensas, quando o indiv\u00edduo fica em repouso. Este sinal melhora ap\u00f3s alguns minutos e durante o descanso, apesar de evoluir lentamente com o tempo.<\/span><\/p>\n<p><span style=\"font-weight: 400;\">\u00c9 recomendado procurar um ortopedista para fazer o diagn\u00f3stico, identificar o grau da doen\u00e7a e iniciar o melhor tratamento, que pode envolver medicamentos, fisioterapia e at\u00e9 cirurgia.\u00a0<\/span><\/p>\n<p><span style=\"font-weight: 400;\">Voc\u00ea sente dores no quadril? <a href=\"https:\/\/api.whatsapp.com\/send?phone=5511944949434\" target=\"_blank\" rel=\"noopener\"><strong>Fa\u00e7a uma avalia\u00e7\u00e3o com o Dr. Daniel Daniachi,<\/strong><\/a> especialista em cirurgia de quadril da Cl\u00ednica Daniachi.<\/span><\/p>\n","protected":false},"excerpt":{"rendered":"<p>A artrose do quadril, conhecida tamb\u00e9m por osteoartrite, acontece quando h\u00e1 desgaste da cartilagem articular. Al\u00e9m de causar dores, a condi\u00e7\u00e3o dificulta a movimenta\u00e7\u00e3o, impactando na autonomia do paciente para realizar tarefas do cotidiano, como andar, sentar e se vestir.\u00a0 Hist\u00f3ria familiar e antecedentes gen\u00e9ticos podem estar associados \u00e0s causas prim\u00e1rias. A artrose secund\u00e1ria \u00e9 [&hellip;]<\/p>\n","protected":false},"author":1,"featured_media":0,"comment_status":"closed","ping_status":"closed","sticky":false,"template":"","format":"standard","meta":{"_acf_changed":false,"footnotes":""},"categories":[6],"tags":[],"class_list":["post-6621","post","type-post","status-publish","format-standard","hentry","category-ortopedia-e-traumatologia"],"acf":[],"_links":{"self":[{"href":"https:\/\/ortopediadaniachi.com.br\/blog\/wp-json\/wp\/v2\/posts\/6621","targetHints":{"allow":["GET"]}}],"collection":[{"href":"https:\/\/ortopediadaniachi.com.br\/blog\/wp-json\/wp\/v2\/posts"}],"about":[{"href":"https:\/\/ortopediadaniachi.com.br\/blog\/wp-json\/wp\/v2\/types\/post"}],"author":[{"embeddable":true,"href":"https:\/\/ortopediadaniachi.com.br\/blog\/wp-json\/wp\/v2\/users\/1"}],"replies":[{"embeddable":true,"href":"https:\/\/ortopediadaniachi.com.br\/blog\/wp-json\/wp\/v2\/comments?post=6621"}],"version-history":[{"count":3,"href":"https:\/\/ortopediadaniachi.com.br\/blog\/wp-json\/wp\/v2\/posts\/6621\/revisions"}],"predecessor-version":[{"id":6956,"href":"https:\/\/ortopediadaniachi.com.br\/blog\/wp-json\/wp\/v2\/posts\/6621\/revisions\/6956"}],"wp:attachment":[{"href":"https:\/\/ortopediadaniachi.com.br\/blog\/wp-json\/wp\/v2\/media?parent=6621"}],"wp:term":[{"taxonomy":"category","embeddable":true,"href":"https:\/\/ortopediadaniachi.com.br\/blog\/wp-json\/wp\/v2\/categories?post=6621"},{"taxonomy":"post_tag","embeddable":true,"href":"https:\/\/ortopediadaniachi.com.br\/blog\/wp-json\/wp\/v2\/tags?post=6621"}],"curies":[{"name":"wp","href":"https:\/\/api.w.org\/{rel}","templated":true}]}}