{"id":6638,"date":"2022-10-19T11:47:04","date_gmt":"2022-10-19T14:47:04","guid":{"rendered":"https:\/\/ortopediadaniachi.com.br\/blog\/?p=6638"},"modified":"2024-10-04T13:26:21","modified_gmt":"2024-10-04T16:26:21","slug":"e-possivel-curar-dor-cronica-com-fisioterapia","status":"publish","type":"post","link":"https:\/\/ortopediadaniachi.com.br\/blog\/e-possivel-curar-dor-cronica-com-fisioterapia\/","title":{"rendered":"\u00c9 poss\u00edvel curar dor cr\u00f4nica com fisioterapia?"},"content":{"rendered":"<p><span style=\"font-weight: 400;\">Um problema que pode parecer simples tem chances de se tornar um transtorno mais grave se n\u00e3o for tratado. A dor tem causas e intensidades variadas e \u00e9 uma das queixas que mais levam os pacientes a recorrerem \u00e0 fisioterapia.<\/span><\/p>\n<p><span style=\"font-weight: 400;\">Essa condi\u00e7\u00e3o prejudica a qualidade de vida e, em alguns casos, pode ser incapacitante. Pesquisa da Sociedade Brasileira para Estudo da Dor (SBED) aponta que 37% dos brasileiros sofrem com dor cr\u00f4nica \u2013 defini\u00e7\u00e3o dada ao desconforto que persiste por mais de tr\u00eas meses.<\/span><span style=\"font-weight: 400;\"><br \/>\n<\/span><span style=\"font-weight: 400;\"><br \/>\n<\/span><span style=\"font-weight: 400;\">A dor cr\u00f4nica mais comum entre os brasileiros \u00e9 musculoesquel\u00e9tica, como a dor na coluna irradiada para bra\u00e7os e pernas, geralmente causadas por desgastes e processos degenerativos, postura ruim, desconhecimento da ergonomia e sedentarismo.<\/span><span style=\"font-weight: 400;\"><br \/>\n<\/span><span style=\"font-weight: 400;\"><br \/>\n<\/span><span style=\"font-weight: 400;\">O que pode levar o paciente a sofrer esse tipo de dor:<\/span><span style=\"font-weight: 400;\"><br \/>\n<\/span><span style=\"font-weight: 400;\"><br \/>\n<\/span><span style=\"font-weight: 400;\">\ud83d\udd39<\/span><span style=\"font-weight: 400;\"> Ficar sentado por muitas horas seguidas;<\/span><span style=\"font-weight: 400;\"><br \/>\n<\/span><span style=\"font-weight: 400;\">\ud83d\udd39<\/span><span style=\"font-weight: 400;\"> Vida sedent\u00e1ria;<\/span><span style=\"font-weight: 400;\"><br \/>\n<\/span><span style=\"font-weight: 400;\">\ud83d\udd39<\/span><span style=\"font-weight: 400;\"> Abaixar-se de maneira inadequada para pegar objetos.<\/span><span style=\"font-weight: 400;\"><br \/>\n<\/span><span style=\"font-weight: 400;\"><br \/>\n<\/span><span style=\"font-weight: 400;\">A fisioterapia \u00e9 uma op\u00e7\u00e3o para corrigir e eliminar o problema musculoesquel\u00e9tico, colocando um fim definitivo nas dores. Atua na reabilita\u00e7\u00e3o e preven\u00e7\u00e3o das disfun\u00e7\u00f5es dos m\u00fasculos e articula\u00e7\u00f5es, sendo indicada tanto para casos de dor aguda quanto para casos de dor cr\u00f4nica.<\/span><\/p>\n<p><span style=\"font-weight: 400;\">Conviver com a dor n\u00e3o \u00e9 normal. A fisioterapia pode evitar que os pacientes tenham que faltar no trabalho, recorram a medicamentos e se submetam a exames e cirurgias desnecess\u00e1rios. <\/span><a href=\"https:\/\/api.whatsapp.com\/send?phone=5511944949434\" target=\"_blank\" rel=\"noopener\"><strong>Conhe\u00e7a a equipe m\u00e9dica de refer\u00eancia da Cl\u00ednica Daniachi!<\/strong><\/a><\/p>\n","protected":false},"excerpt":{"rendered":"<p>Um problema que pode parecer simples tem chances de se tornar um transtorno mais grave se n\u00e3o for tratado. A dor tem causas e intensidades variadas e \u00e9 uma das queixas que mais levam os pacientes a recorrerem \u00e0 fisioterapia. Essa condi\u00e7\u00e3o prejudica a qualidade de vida e, em alguns casos, pode ser incapacitante. Pesquisa [&hellip;]<\/p>\n","protected":false},"author":1,"featured_media":6640,"comment_status":"closed","ping_status":"closed","sticky":false,"template":"","format":"standard","meta":{"_acf_changed":false,"footnotes":""},"categories":[6],"tags":[],"class_list":["post-6638","post","type-post","status-publish","format-standard","has-post-thumbnail","hentry","category-ortopedia-e-traumatologia"],"acf":[],"_links":{"self":[{"href":"https:\/\/ortopediadaniachi.com.br\/blog\/wp-json\/wp\/v2\/posts\/6638","targetHints":{"allow":["GET"]}}],"collection":[{"href":"https:\/\/ortopediadaniachi.com.br\/blog\/wp-json\/wp\/v2\/posts"}],"about":[{"href":"https:\/\/ortopediadaniachi.com.br\/blog\/wp-json\/wp\/v2\/types\/post"}],"author":[{"embeddable":true,"href":"https:\/\/ortopediadaniachi.com.br\/blog\/wp-json\/wp\/v2\/users\/1"}],"replies":[{"embeddable":true,"href":"https:\/\/ortopediadaniachi.com.br\/blog\/wp-json\/wp\/v2\/comments?post=6638"}],"version-history":[{"count":2,"href":"https:\/\/ortopediadaniachi.com.br\/blog\/wp-json\/wp\/v2\/posts\/6638\/revisions"}],"predecessor-version":[{"id":6937,"href":"https:\/\/ortopediadaniachi.com.br\/blog\/wp-json\/wp\/v2\/posts\/6638\/revisions\/6937"}],"wp:featuredmedia":[{"embeddable":true,"href":"https:\/\/ortopediadaniachi.com.br\/blog\/wp-json\/wp\/v2\/media\/6640"}],"wp:attachment":[{"href":"https:\/\/ortopediadaniachi.com.br\/blog\/wp-json\/wp\/v2\/media?parent=6638"}],"wp:term":[{"taxonomy":"category","embeddable":true,"href":"https:\/\/ortopediadaniachi.com.br\/blog\/wp-json\/wp\/v2\/categories?post=6638"},{"taxonomy":"post_tag","embeddable":true,"href":"https:\/\/ortopediadaniachi.com.br\/blog\/wp-json\/wp\/v2\/tags?post=6638"}],"curies":[{"name":"wp","href":"https:\/\/api.w.org\/{rel}","templated":true}]}}