{"id":6642,"date":"2022-10-26T05:49:01","date_gmt":"2022-10-26T08:49:01","guid":{"rendered":"https:\/\/ortopediadaniachi.com.br\/blog\/?p=6642"},"modified":"2024-10-08T10:29:00","modified_gmt":"2024-10-08T13:29:00","slug":"perna-menor-que-a-outra-causas-e-tratamentos","status":"publish","type":"post","link":"https:\/\/ortopediadaniachi.com.br\/blog\/perna-menor-que-a-outra-causas-e-tratamentos\/","title":{"rendered":"Perna menor que a outra: causas e tratamentos"},"content":{"rendered":"<p><span style=\"font-weight: 400;\">A s\u00edndrome da perna curta ou dismetria, uma perna menor que a outra, \u00e9 uma condi\u00e7\u00e3o que afeta v\u00e1rias pessoas. Nesse caso, uma perna \u00e9 menor que a outra e a diferen\u00e7a entre elas pode ser de poucos ou muitos cent\u00edmetros, gerando dificuldade de locomo\u00e7\u00e3o, desconforto, entre outras complica\u00e7\u00f5es. <\/span><span style=\"font-weight: 400;\"><br \/>\n<\/span><span style=\"font-weight: 400;\"><br \/>\n<\/span><span style=\"font-weight: 400;\">Entre as causas da dismetria est\u00e3o deformidades \u00f3sseas, origem gen\u00e9tica, fratura ou traumas dos ossos ou doen\u00e7as degenerativas.<\/span><span style=\"font-weight: 400;\"><br \/>\n<\/span><span style=\"font-weight: 400;\"><br \/>\n<\/span><span style=\"font-weight: 400;\">Os principais sintomas da s\u00edndrome costumam ser:<\/span><span style=\"font-weight: 400;\"><br \/>\n<\/span><span style=\"font-weight: 400;\"><br \/>\n<\/span><span style=\"font-weight: 400;\">\u25b6\ufe0f<\/span><span style=\"font-weight: 400;\"> Dor na perna mais curta, lombar e articula\u00e7\u00f5es;<\/span><span style=\"font-weight: 400;\"><br \/>\n<\/span><span style=\"font-weight: 400;\">\u25b6\ufe0f<\/span><span style=\"font-weight: 400;\"> Andar mancando;<\/span><span style=\"font-weight: 400;\"><br \/>\n<\/span><span style=\"font-weight: 400;\">\u25b6\ufe0f<\/span><span style=\"font-weight: 400;\"> Dor nas costas, quadril, joelho ou tornozelo.<\/span><span style=\"font-weight: 400;\"><br \/>\n<\/span><span style=\"font-weight: 400;\"><br \/>\n<\/span><span style=\"font-weight: 400;\">Para evitar o agravamento da doen\u00e7a, o ideal \u00e9 iniciar o tratamento o mais breve poss\u00edvel.<\/span><span style=\"font-weight: 400;\"><br \/>\n<\/span><span style=\"font-weight: 400;\"><br \/>\n<\/span><span style=\"font-weight: 400;\">Apesar de ser um problema preocupante para quem tem, a boa not\u00edcia \u00e9 que existem diversos tratamentos que podem ser aplicados como forma de amenizar ou, at\u00e9 mesmo, resolver a dismetria.<\/span><span style=\"font-weight: 400;\"><br \/>\n<\/span><span style=\"font-weight: 400;\"><br \/>\n<\/span><span style=\"font-weight: 400;\">O Tratamento de desigualdade no comprimento das pernas envolve muitas abordagens diferentes, que variam entre ser\u00a0funcional, estrutural ou at\u00e9 mesmo a combina\u00e7\u00e3o de ambas:<\/span><span style=\"font-weight: 400;\"><br \/>\n<\/span><span style=\"font-weight: 400;\"><br \/>\n<\/span><span style=\"font-weight: 400;\">\u25b6\ufe0f L<\/span><span style=\"font-weight: 400;\">ibera\u00e7\u00e3o miofascial (massagem);<\/span><span style=\"font-weight: 400;\"><br \/>\n<\/span><span style=\"font-weight: 400;\">\u25b6\ufe0f A<\/span><span style=\"font-weight: 400;\">longamento dos m\u00fasculos encurtados; <\/span><span style=\"font-weight: 400;\"><br \/>\n<\/span><span style=\"font-weight: 400;\">\u25b6\ufe0f<\/span><span style=\"font-weight: 400;\"> Manipula\u00e7\u00e3o ou mobiliza\u00e7\u00e3o da coluna vertebral, quadril, joelho e p\u00e9;<\/span><span style=\"font-weight: 400;\"><br \/>\n<\/span><span style=\"font-weight: 400;\">\u25b6 \ufe0f \u00d3rteses<\/span><span style=\"font-weight: 400;\"> usadas em discrep\u00e2ncias de 2 a 6 cm (at\u00e9 1 cm podem ser inseridas palmilhas nos sapatos).<\/span><span style=\"font-weight: 400;\"><br \/>\n<\/span><span style=\"font-weight: 400;\"><br \/>\n<\/span><span style=\"font-weight: 400;\">Em alguns casos, o m\u00e9dico poder\u00e1 fazer a ressec\u00e7\u00e3o \u00f3ssea ou usar uma das t\u00e9cnicas cir\u00fargicas para alongamento \u00f3sseo.<\/span><span style=\"font-weight: 400;\"><br \/>\n<\/span><span style=\"font-weight: 400;\"><br \/>\n<\/span><span style=\"font-weight: 400;\">D\u00favidas? <strong><a href=\"https:\/\/api.whatsapp.com\/send?phone=5511944949434&amp;text=Mensagem:%20Ol%C3%A1,%20encontrei%20seu%20site%20e%20gostaria%20de%20informa%C3%A7%C3%B5es%20sobre%20consultas.\" target=\"_blank\" rel=\"noopener\">Entre em contato<\/a> com a <\/strong><\/span><strong>Cl\u00ednica Daniachi!<\/strong><\/p>\n","protected":false},"excerpt":{"rendered":"<p>A s\u00edndrome da perna curta ou dismetria, uma perna menor que a outra, \u00e9 uma condi\u00e7\u00e3o que afeta v\u00e1rias pessoas. Nesse caso, uma perna \u00e9 menor que a outra e a diferen\u00e7a entre elas pode ser de poucos ou muitos cent\u00edmetros, gerando dificuldade de locomo\u00e7\u00e3o, desconforto, entre outras complica\u00e7\u00f5es. Entre as causas da dismetria est\u00e3o [&hellip;]<\/p>\n","protected":false},"author":1,"featured_media":6639,"comment_status":"closed","ping_status":"closed","sticky":false,"template":"","format":"standard","meta":{"_acf_changed":false,"footnotes":""},"categories":[12],"tags":[],"class_list":["post-6642","post","type-post","status-publish","format-standard","has-post-thumbnail","hentry","category-artigos"],"acf":[],"_links":{"self":[{"href":"https:\/\/ortopediadaniachi.com.br\/blog\/wp-json\/wp\/v2\/posts\/6642","targetHints":{"allow":["GET"]}}],"collection":[{"href":"https:\/\/ortopediadaniachi.com.br\/blog\/wp-json\/wp\/v2\/posts"}],"about":[{"href":"https:\/\/ortopediadaniachi.com.br\/blog\/wp-json\/wp\/v2\/types\/post"}],"author":[{"embeddable":true,"href":"https:\/\/ortopediadaniachi.com.br\/blog\/wp-json\/wp\/v2\/users\/1"}],"replies":[{"embeddable":true,"href":"https:\/\/ortopediadaniachi.com.br\/blog\/wp-json\/wp\/v2\/comments?post=6642"}],"version-history":[{"count":3,"href":"https:\/\/ortopediadaniachi.com.br\/blog\/wp-json\/wp\/v2\/posts\/6642\/revisions"}],"predecessor-version":[{"id":7218,"href":"https:\/\/ortopediadaniachi.com.br\/blog\/wp-json\/wp\/v2\/posts\/6642\/revisions\/7218"}],"wp:featuredmedia":[{"embeddable":true,"href":"https:\/\/ortopediadaniachi.com.br\/blog\/wp-json\/wp\/v2\/media\/6639"}],"wp:attachment":[{"href":"https:\/\/ortopediadaniachi.com.br\/blog\/wp-json\/wp\/v2\/media?parent=6642"}],"wp:term":[{"taxonomy":"category","embeddable":true,"href":"https:\/\/ortopediadaniachi.com.br\/blog\/wp-json\/wp\/v2\/categories?post=6642"},{"taxonomy":"post_tag","embeddable":true,"href":"https:\/\/ortopediadaniachi.com.br\/blog\/wp-json\/wp\/v2\/tags?post=6642"}],"curies":[{"name":"wp","href":"https:\/\/api.w.org\/{rel}","templated":true}]}}