{"id":6650,"date":"2022-10-24T16:43:19","date_gmt":"2022-10-24T19:43:19","guid":{"rendered":"https:\/\/ortopediadaniachi.com.br\/blog\/?p=6650"},"modified":"2024-10-04T13:25:08","modified_gmt":"2024-10-04T16:25:08","slug":"quais-os-beneficios-do-pilates","status":"publish","type":"post","link":"https:\/\/ortopediadaniachi.com.br\/blog\/quais-os-beneficios-do-pilates\/","title":{"rendered":"Quais os benef\u00edcios do pilates?"},"content":{"rendered":"<p><span style=\"font-weight: 400;\">Em busca de uma vida saud\u00e1vel, os brasileiros t\u00eam praticado cada vez mais exerc\u00edcios f\u00edsicos, e um dos m\u00e9todos mais procurados ultimamente \u00e9 o pilates. Ele trabalha com exerc\u00edcios de resist\u00eancia, alongamento, equil\u00edbrio, respira\u00e7\u00e3o, flex\u00e3o e extens\u00e3o do tronco.<\/span><\/p>\n<p><img decoding=\"async\" class=\"alignnone wp-image-6651 size-full\" title=\"quais-os-beneficios-do-pilates\" src=\"https:\/\/ortopediadaniachi.com.br\/blog\/wp-content\/uploads\/2022\/10\/quais-os-beneficios-do-pilates.png\" alt=\"quais-os-beneficios-do-pilates\" width=\"540\" height=\"405\" srcset=\"https:\/\/ortopediadaniachi.com.br\/blog\/wp-content\/uploads\/2022\/10\/quais-os-beneficios-do-pilates.png 540w, https:\/\/ortopediadaniachi.com.br\/blog\/wp-content\/uploads\/2022\/10\/quais-os-beneficios-do-pilates-300x225.png 300w\" sizes=\"(max-width: 540px) 100vw, 540px\" \/><\/p>\n<p><span style=\"font-weight: 400;\"><br \/>\n<\/span><span style=\"font-weight: 400;\">Por exigir bastante coordena\u00e7\u00e3o entre o corpo e a mente, uma das caracter\u00edsticas do Pilates \u00e9 usar o controle da respira\u00e7\u00e3o como forma de realizar os exerc\u00edcios, ativando principalmente os m\u00fasculos abdominais, gl\u00fateos e das costas.<\/span><\/p>\n<p><span style=\"font-weight: 400;\">O m\u00e9todo \u00e9 praticado no solo ou nos equipamentos desenvolvidos por Joseph Pilates, e pode ser praticado por qualquer pessoa \u2013 homens, mulheres, crian\u00e7as, gr\u00e1vidas e idosos \u2013, sempre com a orienta\u00e7\u00e3o de um profissional e dentro da capacidade f\u00edsica de cada aluno.\u00a0<\/span><\/p>\n<p><span style=\"font-weight: 400;\">A pr\u00e1tica conta com in\u00fameros benef\u00edcios, como:<\/span><\/p>\n<p><span style=\"font-weight: 400;\">\u2705<\/span><span style=\"font-weight: 400;\"> Corre\u00e7\u00f5es de problemas posturais;<\/span><span style=\"font-weight: 400;\"><br \/>\n<\/span><span style=\"font-weight: 400;\">\u2705<\/span><span style=\"font-weight: 400;\"> Aumento da flexibilidade;<\/span><span style=\"font-weight: 400;\"><br \/>\n<\/span><span style=\"font-weight: 400;\">\u2705<\/span><span style=\"font-weight: 400;\"> Melhora da respira\u00e7\u00e3o;<\/span><span style=\"font-weight: 400;\"><br \/>\n<\/span><span style=\"font-weight: 400;\">\u2705<\/span><span style=\"font-weight: 400;\"> Relaxamento com a libera\u00e7\u00e3o de endorfina;<\/span><span style=\"font-weight: 400;\"><br \/>\n<\/span><span style=\"font-weight: 400;\">\u2705<\/span><span style=\"font-weight: 400;\"> Reabilita\u00e7\u00e3o do corpo;<\/span><span style=\"font-weight: 400;\"><br \/>\n<\/span><span style=\"font-weight: 400;\">\u2705<\/span><span style=\"font-weight: 400;\"> Menos atrito nas articula\u00e7\u00f5es;<\/span><span style=\"font-weight: 400;\"><br \/>\n<\/span><span style=\"font-weight: 400;\">\u2705<\/span><span style=\"font-weight: 400;\"> Maior consci\u00eancia corporal;<\/span><span style=\"font-weight: 400;\"><br \/>\n<\/span><span style=\"font-weight: 400;\">\u2705<\/span><span style=\"font-weight: 400;\"> Fortalecimento do core (estrutura que sustenta a coluna vertebral).<\/span><span style=\"font-weight: 400;\"><br \/>\n<\/span><span style=\"font-weight: 400;\"><br \/>\n<\/span><span style=\"font-weight: 400;\">O pilates reorganiza e fortalece a musculatura do corpo inteiro, al\u00e9m de prevenir les\u00f5es, promover o bem-estar, aumentar a flexibilidade e potencializar a pr\u00e1tica de outros exerc\u00edcios f\u00edsicos. \u00c9 um excelente tratamento para m\u00e1 postura e dores na coluna.\u00a0<\/span><\/p>\n<p><span style=\"font-weight: 400;\">Voc\u00ea sente dores frequentes nas costas? <a href=\"https:\/\/api.whatsapp.com\/send?phone=5511944949434\" target=\"_blank\" rel=\"noopener\"><strong>Fa\u00e7a sess\u00f5es de pilates com os fisioterapeutas da Cl\u00ednica Daniachi!<\/strong><\/a><\/span><\/p>\n","protected":false},"excerpt":{"rendered":"<p>Em busca de uma vida saud\u00e1vel, os brasileiros t\u00eam praticado cada vez mais exerc\u00edcios f\u00edsicos, e um dos m\u00e9todos mais procurados ultimamente \u00e9 o pilates. Ele trabalha com exerc\u00edcios de resist\u00eancia, alongamento, equil\u00edbrio, respira\u00e7\u00e3o, flex\u00e3o e extens\u00e3o do tronco. Por exigir bastante coordena\u00e7\u00e3o entre o corpo e a mente, uma das caracter\u00edsticas do Pilates \u00e9 [&hellip;]<\/p>\n","protected":false},"author":1,"featured_media":0,"comment_status":"closed","ping_status":"closed","sticky":false,"template":"","format":"standard","meta":{"_acf_changed":false,"footnotes":""},"categories":[12],"tags":[],"class_list":["post-6650","post","type-post","status-publish","format-standard","hentry","category-artigos"],"acf":[],"_links":{"self":[{"href":"https:\/\/ortopediadaniachi.com.br\/blog\/wp-json\/wp\/v2\/posts\/6650","targetHints":{"allow":["GET"]}}],"collection":[{"href":"https:\/\/ortopediadaniachi.com.br\/blog\/wp-json\/wp\/v2\/posts"}],"about":[{"href":"https:\/\/ortopediadaniachi.com.br\/blog\/wp-json\/wp\/v2\/types\/post"}],"author":[{"embeddable":true,"href":"https:\/\/ortopediadaniachi.com.br\/blog\/wp-json\/wp\/v2\/users\/1"}],"replies":[{"embeddable":true,"href":"https:\/\/ortopediadaniachi.com.br\/blog\/wp-json\/wp\/v2\/comments?post=6650"}],"version-history":[{"count":5,"href":"https:\/\/ortopediadaniachi.com.br\/blog\/wp-json\/wp\/v2\/posts\/6650\/revisions"}],"predecessor-version":[{"id":6934,"href":"https:\/\/ortopediadaniachi.com.br\/blog\/wp-json\/wp\/v2\/posts\/6650\/revisions\/6934"}],"wp:attachment":[{"href":"https:\/\/ortopediadaniachi.com.br\/blog\/wp-json\/wp\/v2\/media?parent=6650"}],"wp:term":[{"taxonomy":"category","embeddable":true,"href":"https:\/\/ortopediadaniachi.com.br\/blog\/wp-json\/wp\/v2\/categories?post=6650"},{"taxonomy":"post_tag","embeddable":true,"href":"https:\/\/ortopediadaniachi.com.br\/blog\/wp-json\/wp\/v2\/tags?post=6650"}],"curies":[{"name":"wp","href":"https:\/\/api.w.org\/{rel}","templated":true}]}}