{"id":6693,"date":"2022-11-09T18:25:38","date_gmt":"2022-11-09T21:25:38","guid":{"rendered":"https:\/\/ortopediadaniachi.com.br\/blog\/?p=6693"},"modified":"2024-10-04T13:24:41","modified_gmt":"2024-10-04T16:24:41","slug":"voce-sabe-as-diferencas-entre-artrose-e-osteoporose","status":"publish","type":"post","link":"https:\/\/ortopediadaniachi.com.br\/blog\/voce-sabe-as-diferencas-entre-artrose-e-osteoporose\/","title":{"rendered":"Voc\u00ea sabe as diferen\u00e7as entre artrose e osteoporose?"},"content":{"rendered":"<p><span style=\"font-weight: 400;\">A artrose \u00e9 a degenera\u00e7\u00e3o das articula\u00e7\u00f5es do corpo, sendo mais comum nas m\u00e3os, coluna, joelhos e quadril, causando desgaste na cartilagem e dor devido ao atrito entre os ossos.\u00a0<\/span><span style=\"font-weight: 400;\">J\u00e1 a osteoporose \u00e9 uma doen\u00e7a que est\u00e1 <\/span><span style=\"font-weight: 400;\">associada<\/span><span style=\"font-weight: 400;\"> ao enfraquecimento dos ossos.<\/span><\/p>\n<p><span style=\"font-weight: 400;\"><img decoding=\"async\" class=\"alignnone wp-image-6689\" title=\"artrose e osteoporose\" src=\"https:\/\/ortopediadaniachi.com.br\/blog\/wp-content\/uploads\/2022\/11\/voce-sabe-as-diferencas-entre-artrose-e-osteoporose-300x225.png\" alt=\"artrose e osteoporose\" width=\"576\" height=\"432\" srcset=\"https:\/\/ortopediadaniachi.com.br\/blog\/wp-content\/uploads\/2022\/11\/voce-sabe-as-diferencas-entre-artrose-e-osteoporose-300x225.png 300w, https:\/\/ortopediadaniachi.com.br\/blog\/wp-content\/uploads\/2022\/11\/voce-sabe-as-diferencas-entre-artrose-e-osteoporose.png 540w\" sizes=\"(max-width: 576px) 100vw, 576px\" \/><\/span><span style=\"font-weight: 400;\"><br \/>\n<\/span><span style=\"font-weight: 400;\">Al\u00e9m do envelhecimento natural das articula\u00e7\u00f5es, h\u00e1 tamb\u00e9m outros fatores de risco relacionados \u00e0 <\/span><span style=\"font-weight: 400;\">artrose<\/span><span style=\"font-weight: 400;\">, como a predisposi\u00e7\u00e3o gen\u00e9tica, exerc\u00edcios de alto impacto articular, traumatismos de repeti\u00e7\u00e3o, sedentarismo, fraqueza muscular e obesidade.\u00a0<\/span><\/p>\n<p><span style=\"font-weight: 400;\">Quando a artrose se instala, a tend\u00eancia \u00e9 que a les\u00e3o evolua. A dor nas articula\u00e7\u00f5es leva a pessoa a se movimentar menos. Isso atrofia o m\u00fasculo e pode causar uma altera\u00e7\u00e3o na estrutura mec\u00e2nica do corpo.<\/span><\/p>\n<p><span style=\"font-weight: 400;\">Por outro lado, a osteoporose \u00e9 silenciosa e acomete mais mulheres, principalmente na <a href=\"https:\/\/drmarcellorocco.com\/ginecologia\/climaterio-e-menopausa\/\" target=\"_blank\" rel=\"noopener\">menopausa<\/a>, do que homens, acima dos 50 anos. Em geral, o problema s\u00f3 \u00e9 detectado em estado avan\u00e7ado, com a deforma\u00e7\u00e3o de ossos que provoca dor cr\u00f4nica ou quando aparece uma fratura.<\/span><span style=\"font-weight: 400;\"><br \/>\n<\/span><span style=\"font-weight: 400;\"><br \/>\n<\/span><span style=\"font-weight: 400;\">Hist\u00f3rico familiar, envelhecimento, dieta pobre em c\u00e1lcio, abuso de \u00e1lcool e tabagismo est\u00e3o entre os fatores de risco da osteoporose.\u00a0<\/span><\/p>\n<p><span style=\"font-weight: 400;\">Como a osteoporose n\u00e3o apresenta sintomas, alguns pacientes s\u00f3 descobrem a doen\u00e7a ap\u00f3s uma fratura espont\u00e2nea.<\/span><\/p>\n<p><span style=\"font-weight: 400;\">Por isso, \u00e9 importante manter o acompanhamento m\u00e9dico para diagnosticar a doen\u00e7a e iniciar o tratamento adequado.<\/span><\/p>\n<p><span style=\"font-weight: 400;\">Voc\u00ea se identificou com os sintomas? Agende agora mesmo uma consulta com um de nossos ortopedistas!\u00a0<\/span><\/p>\n<p><span style=\"font-weight: 400;\">Para ter uma alimenta\u00e7\u00e3o saud\u00e1vel na gesta\u00e7\u00e3o, <a href=\"https:\/\/api.whatsapp.com\/send?phone=5511944949434\" target=\"_blank\" rel=\"noopener\"><strong>agende uma consulta na Cl\u00ednica Daniachi!<\/strong><\/a><\/span><\/p>\n","protected":false},"excerpt":{"rendered":"<p>A artrose \u00e9 a degenera\u00e7\u00e3o das articula\u00e7\u00f5es do corpo, sendo mais comum nas m\u00e3os, coluna, joelhos e quadril, causando desgaste na cartilagem e dor devido ao atrito entre os ossos.\u00a0J\u00e1 a osteoporose \u00e9 uma doen\u00e7a que est\u00e1 associada ao enfraquecimento dos ossos. Al\u00e9m do envelhecimento natural das articula\u00e7\u00f5es, h\u00e1 tamb\u00e9m outros fatores de risco relacionados [&hellip;]<\/p>\n","protected":false},"author":1,"featured_media":0,"comment_status":"closed","ping_status":"closed","sticky":false,"template":"","format":"standard","meta":{"_acf_changed":false,"footnotes":""},"categories":[12],"tags":[],"class_list":["post-6693","post","type-post","status-publish","format-standard","hentry","category-artigos"],"acf":[],"_links":{"self":[{"href":"https:\/\/ortopediadaniachi.com.br\/blog\/wp-json\/wp\/v2\/posts\/6693","targetHints":{"allow":["GET"]}}],"collection":[{"href":"https:\/\/ortopediadaniachi.com.br\/blog\/wp-json\/wp\/v2\/posts"}],"about":[{"href":"https:\/\/ortopediadaniachi.com.br\/blog\/wp-json\/wp\/v2\/types\/post"}],"author":[{"embeddable":true,"href":"https:\/\/ortopediadaniachi.com.br\/blog\/wp-json\/wp\/v2\/users\/1"}],"replies":[{"embeddable":true,"href":"https:\/\/ortopediadaniachi.com.br\/blog\/wp-json\/wp\/v2\/comments?post=6693"}],"version-history":[{"count":5,"href":"https:\/\/ortopediadaniachi.com.br\/blog\/wp-json\/wp\/v2\/posts\/6693\/revisions"}],"predecessor-version":[{"id":7196,"href":"https:\/\/ortopediadaniachi.com.br\/blog\/wp-json\/wp\/v2\/posts\/6693\/revisions\/7196"}],"wp:attachment":[{"href":"https:\/\/ortopediadaniachi.com.br\/blog\/wp-json\/wp\/v2\/media?parent=6693"}],"wp:term":[{"taxonomy":"category","embeddable":true,"href":"https:\/\/ortopediadaniachi.com.br\/blog\/wp-json\/wp\/v2\/categories?post=6693"},{"taxonomy":"post_tag","embeddable":true,"href":"https:\/\/ortopediadaniachi.com.br\/blog\/wp-json\/wp\/v2\/tags?post=6693"}],"curies":[{"name":"wp","href":"https:\/\/api.w.org\/{rel}","templated":true}]}}