{"id":6721,"date":"2022-12-05T11:32:02","date_gmt":"2022-12-05T14:32:02","guid":{"rendered":"https:\/\/ortopediadaniachi.com.br\/blog\/?p=6721"},"modified":"2024-10-08T10:17:08","modified_gmt":"2024-10-08T13:17:08","slug":"e-possivel-envelhecer-sem-sentir-dores-no-quadril","status":"publish","type":"post","link":"https:\/\/ortopediadaniachi.com.br\/blog\/e-possivel-envelhecer-sem-sentir-dores-no-quadril\/","title":{"rendered":"\u00c9 poss\u00edvel envelhecer sem sentir dores no quadril?"},"content":{"rendered":"<p><span style=\"font-weight: 400;\">N\u00e3o \u00e9 nada incomum voc\u00ea sentir uma dor inc\u00f4moda uma vez ou outra em suas articula\u00e7\u00f5es e, por vezes, isso at\u00e9 beneficia no sentido de alertar de que algo est\u00e1 errado com o corpo. E isto pode ser em decorr\u00eancia do desgaste \u00f3sseo do indiv\u00edduo.<\/span><\/p>\n<p><span style=\"font-weight: 400;\">Por\u00e9m, quando estas dores passam a ser constantes, diariamente, por meses, ent\u00e3o, pode ser um sinal de uma dor cr\u00f4nica, mais comum na popula\u00e7\u00e3o mais idosa. Segundo a Sociedade Brasileira de Geriatria e Gerontologia (SBGG), estima-se que 20% a 50% dos idosos t\u00eam algum problema que afeta a sa\u00fade e provoca dor.<\/span><\/p>\n<p><img decoding=\"async\" class=\"alignnone wp-image-6722 \" title=\"\u00c9 poss\u00edvel envelhecer sem sentir dores no quadril?\" src=\"https:\/\/ortopediadaniachi.com.br\/blog\/wp-content\/uploads\/2022\/12\/envelhecer-sem-sentir-dores-no-quadril.png\" alt=\"\u00c9 poss\u00edvel envelhecer sem sentir dores no quadril?\" width=\"617\" height=\"463\" srcset=\"https:\/\/ortopediadaniachi.com.br\/blog\/wp-content\/uploads\/2022\/12\/envelhecer-sem-sentir-dores-no-quadril.png 540w, https:\/\/ortopediadaniachi.com.br\/blog\/wp-content\/uploads\/2022\/12\/envelhecer-sem-sentir-dores-no-quadril-300x225.png 300w\" sizes=\"(max-width: 617px) 100vw, 617px\" \/><\/p>\n<p><span style=\"font-weight: 400;\">De acordo com o presidente da comiss\u00e3o, Diogo Dalas: &#8220;A dor cr\u00f4nica nos idosos \u00e9 uma doen\u00e7a por si s\u00f3. Ela afeta muito a qualidade de vida, pois essas pessoas t\u00eam mais depress\u00e3o, ansiedade e podem se isolar. \u00c9 comum que a dor cr\u00f4nica seja subdiagnosticada pelos profissionais de sa\u00fade&#8221;.<\/span><\/p>\n<p><span style=\"font-weight: 400;\">Uma das articula\u00e7\u00f5es mais comuns de serem degeneradas e desgastadas, \u00e9 a do quadril. O seu desgaste pode acontecer por conta de alguns fatores, tais como o traumatismo, uma fratura, por excesso de exerc\u00edcios f\u00edsicos ou devido a atividade laborativa.<\/span><\/p>\n<p><span style=\"font-weight: 400;\">Portanto, ainda que seja muito comum que a sociedade mais idosa possua dores articulares, isso n\u00e3o \u00e9 uma exclusividade dessa popula\u00e7\u00e3o. Por isso, independentemente de qual seja a idade, \u00e9 necess\u00e1rio buscar ajuda profissional de uma cl\u00ednica, por exemplo, caso haja algum inc\u00f4modo.\u00a0<\/span><\/p>\n<p><span style=\"font-weight: 400;\">Sendo assim, caso voc\u00ea venha sentindo dores que duram mais de 3 meses ou apenas algum inc\u00f4modo aparente em articula\u00e7\u00f5es como a do quadril, procure ajuda do Dr. Daniel Daniachi.\u00a0<\/span><\/p>\n<p><a href=\"https:\/\/api.whatsapp.com\/send?phone=5511944949434&amp;text=Mensagem:%20Ol%C3%A1,%20encontrei%20seu%20site%20e%20gostaria%20de%20informa%C3%A7%C3%B5es%20sobre%20consultas.\" target=\"_blank\" rel=\"noopener\">Acesse este link<\/a><span style=\"font-weight: 400;\"> e agende agora mesmo a sua consulta online ou presencial com o especialista em quadril.<\/span><\/p>\n","protected":false},"excerpt":{"rendered":"<p>N\u00e3o \u00e9 nada incomum voc\u00ea sentir uma dor inc\u00f4moda uma vez ou outra em suas articula\u00e7\u00f5es e, por vezes, isso at\u00e9 beneficia no sentido de alertar de que algo est\u00e1 errado com o corpo. E isto pode ser em decorr\u00eancia do desgaste \u00f3sseo do indiv\u00edduo. Por\u00e9m, quando estas dores passam a ser constantes, diariamente, por [&hellip;]<\/p>\n","protected":false},"author":1,"featured_media":0,"comment_status":"closed","ping_status":"closed","sticky":false,"template":"","format":"standard","meta":{"_acf_changed":false,"footnotes":""},"categories":[6],"tags":[],"class_list":["post-6721","post","type-post","status-publish","format-standard","hentry","category-ortopedia-e-traumatologia"],"acf":[],"_links":{"self":[{"href":"https:\/\/ortopediadaniachi.com.br\/blog\/wp-json\/wp\/v2\/posts\/6721","targetHints":{"allow":["GET"]}}],"collection":[{"href":"https:\/\/ortopediadaniachi.com.br\/blog\/wp-json\/wp\/v2\/posts"}],"about":[{"href":"https:\/\/ortopediadaniachi.com.br\/blog\/wp-json\/wp\/v2\/types\/post"}],"author":[{"embeddable":true,"href":"https:\/\/ortopediadaniachi.com.br\/blog\/wp-json\/wp\/v2\/users\/1"}],"replies":[{"embeddable":true,"href":"https:\/\/ortopediadaniachi.com.br\/blog\/wp-json\/wp\/v2\/comments?post=6721"}],"version-history":[{"count":5,"href":"https:\/\/ortopediadaniachi.com.br\/blog\/wp-json\/wp\/v2\/posts\/6721\/revisions"}],"predecessor-version":[{"id":7215,"href":"https:\/\/ortopediadaniachi.com.br\/blog\/wp-json\/wp\/v2\/posts\/6721\/revisions\/7215"}],"wp:attachment":[{"href":"https:\/\/ortopediadaniachi.com.br\/blog\/wp-json\/wp\/v2\/media?parent=6721"}],"wp:term":[{"taxonomy":"category","embeddable":true,"href":"https:\/\/ortopediadaniachi.com.br\/blog\/wp-json\/wp\/v2\/categories?post=6721"},{"taxonomy":"post_tag","embeddable":true,"href":"https:\/\/ortopediadaniachi.com.br\/blog\/wp-json\/wp\/v2\/tags?post=6721"}],"curies":[{"name":"wp","href":"https:\/\/api.w.org\/{rel}","templated":true}]}}